{
    "id": 1015,
    "date": "2018-05-04T20:40:45",
    "date_gmt": "2018-05-04T20:40:45",
    "guid": {
        "rendered": "http:\/\/www.roemische-legion.de\/?page_id=1015"
    },
    "modified": "2025-11-13T07:52:20",
    "modified_gmt": "2025-11-13T07:52:20",
    "slug": "2018-enns-eroeffnungsveranstaltung",
    "status": "publish",
    "type": "page",
    "link": "https:\/\/www.roemische-legion.de\/en\/?page_id=1015",
    "title": {
        "rendered": "2018 Enns Landesausstellung"
    },
    "content": {
        "rendered": "<p>Er\u00f6ffnungsveranstaltung der Landesausstellung &#8222;Die Legion kehrt zur\u00fcck&#8220; mit Legion\u00e4ren der LEGIO II ITALICA und LANCIARII LAURIACENSES.<\/p>\n<figure id=\"attachment_1011\" aria-describedby=\"caption-attachment-1011\" style=\"width: 300px\" class=\"wp-caption alignleft\"><a href=\"http:\/\/www.roemische-legion.de\/wp-content\/uploads\/2018\/05\/P1320440.jpg\"><img loading=\"lazy\" decoding=\"async\" class=\"size-medium wp-image-1011\" src=\"http:\/\/www.roemische-legion.de\/wp-content\/uploads\/2018\/05\/P1320440-300x225.jpg\" alt=\"Empfang der G\u00e4ste\" width=\"300\" height=\"225\" srcset=\"https:\/\/www.roemische-legion.de\/wp-content\/uploads\/2018\/05\/P1320440-300x225.jpg 300w, https:\/\/www.roemische-legion.de\/wp-content\/uploads\/2018\/05\/P1320440-768x576.jpg 768w, https:\/\/www.roemische-legion.de\/wp-content\/uploads\/2018\/05\/P1320440-1024x768.jpg 1024w, https:\/\/www.roemische-legion.de\/wp-content\/uploads\/2018\/05\/P1320440-1200x900.jpg 1200w\" sizes=\"auto, (max-width: 300px) 85vw, 300px\" \/><\/a><figcaption id=\"caption-attachment-1011\" class=\"wp-caption-text\">Empfang der G\u00e4ste<\/figcaption><\/figure>\n<figure id=\"attachment_1008\" aria-describedby=\"caption-attachment-1008\" style=\"width: 300px\" class=\"wp-caption alignleft\"><a href=\"http:\/\/www.roemische-legion.de\/wp-content\/uploads\/2018\/05\/P1320430.jpg\"><img loading=\"lazy\" decoding=\"async\" class=\"size-medium wp-image-1008\" src=\"http:\/\/www.roemische-legion.de\/wp-content\/uploads\/2018\/05\/P1320430-300x225.jpg\" alt=\"Im Eingangsbereich\" width=\"300\" height=\"225\" srcset=\"https:\/\/www.roemische-legion.de\/wp-content\/uploads\/2018\/05\/P1320430-300x225.jpg 300w, https:\/\/www.roemische-legion.de\/wp-content\/uploads\/2018\/05\/P1320430-768x576.jpg 768w, https:\/\/www.roemische-legion.de\/wp-content\/uploads\/2018\/05\/P1320430-1024x768.jpg 1024w, https:\/\/www.roemische-legion.de\/wp-content\/uploads\/2018\/05\/P1320430-1200x900.jpg 1200w\" sizes=\"auto, (max-width: 300px) 85vw, 300px\" \/><\/a><figcaption id=\"caption-attachment-1008\" class=\"wp-caption-text\">Im Eingangsbereich<\/figcaption><\/figure>\n<figure id=\"attachment_1009\" aria-describedby=\"caption-attachment-1009\" style=\"width: 300px\" class=\"wp-caption alignleft\"><a href=\"http:\/\/www.roemische-legion.de\/wp-content\/uploads\/2018\/05\/P1320431.jpg\"><img loading=\"lazy\" decoding=\"async\" class=\"size-medium wp-image-1009\" src=\"http:\/\/www.roemische-legion.de\/wp-content\/uploads\/2018\/05\/P1320431-300x225.jpg\" alt=\"Im Eingangsbereich\" width=\"300\" height=\"225\" srcset=\"https:\/\/www.roemische-legion.de\/wp-content\/uploads\/2018\/05\/P1320431-300x225.jpg 300w, https:\/\/www.roemische-legion.de\/wp-content\/uploads\/2018\/05\/P1320431-768x576.jpg 768w, https:\/\/www.roemische-legion.de\/wp-content\/uploads\/2018\/05\/P1320431-1024x768.jpg 1024w, https:\/\/www.roemische-legion.de\/wp-content\/uploads\/2018\/05\/P1320431-1200x900.jpg 1200w\" sizes=\"auto, (max-width: 300px) 85vw, 300px\" \/><\/a><figcaption id=\"caption-attachment-1009\" class=\"wp-caption-text\">Im Eingangsbereich<\/figcaption><\/figure>\n<figure id=\"attachment_1012\" aria-describedby=\"caption-attachment-1012\" style=\"width: 300px\" class=\"wp-caption alignleft\"><a href=\"http:\/\/www.roemische-legion.de\/wp-content\/uploads\/2018\/05\/P1320448.jpg\"><img loading=\"lazy\" decoding=\"async\" class=\"size-medium wp-image-1012\" src=\"http:\/\/www.roemische-legion.de\/wp-content\/uploads\/2018\/05\/P1320448-300x225.jpg\" alt=\"Legion\u00e4re in der Stadthalle\" width=\"300\" height=\"225\" srcset=\"https:\/\/www.roemische-legion.de\/wp-content\/uploads\/2018\/05\/P1320448-300x225.jpg 300w, https:\/\/www.roemische-legion.de\/wp-content\/uploads\/2018\/05\/P1320448-768x576.jpg 768w, https:\/\/www.roemische-legion.de\/wp-content\/uploads\/2018\/05\/P1320448-1024x768.jpg 1024w, https:\/\/www.roemische-legion.de\/wp-content\/uploads\/2018\/05\/P1320448-1200x900.jpg 1200w\" sizes=\"auto, (max-width: 300px) 85vw, 300px\" \/><\/a><figcaption id=\"caption-attachment-1012\" class=\"wp-caption-text\">Legion\u00e4re in der Stadthalle<\/figcaption><\/figure>\n<figure id=\"attachment_1013\" aria-describedby=\"caption-attachment-1013\" style=\"width: 300px\" class=\"wp-caption alignleft\"><a href=\"http:\/\/www.roemische-legion.de\/wp-content\/uploads\/2018\/05\/P1320449.jpg\"><img loading=\"lazy\" decoding=\"async\" class=\"size-medium wp-image-1013\" src=\"http:\/\/www.roemische-legion.de\/wp-content\/uploads\/2018\/05\/P1320449-300x225.jpg\" alt=\"Legion\u00e4re in der Stadthalle\" width=\"300\" height=\"225\" srcset=\"https:\/\/www.roemische-legion.de\/wp-content\/uploads\/2018\/05\/P1320449-300x225.jpg 300w, https:\/\/www.roemische-legion.de\/wp-content\/uploads\/2018\/05\/P1320449-768x576.jpg 768w, https:\/\/www.roemische-legion.de\/wp-content\/uploads\/2018\/05\/P1320449-1024x768.jpg 1024w, https:\/\/www.roemische-legion.de\/wp-content\/uploads\/2018\/05\/P1320449-1200x900.jpg 1200w\" sizes=\"auto, (max-width: 300px) 85vw, 300px\" \/><\/a><figcaption id=\"caption-attachment-1013\" class=\"wp-caption-text\">Legion\u00e4re in der Stadthalle<\/figcaption><\/figure>\n<figure id=\"attachment_1010\" aria-describedby=\"caption-attachment-1010\" style=\"width: 300px\" class=\"wp-caption alignleft\"><a href=\"http:\/\/www.roemische-legion.de\/wp-content\/uploads\/2018\/05\/P1320437.jpg\"><img loading=\"lazy\" decoding=\"async\" class=\"size-medium wp-image-1010\" src=\"http:\/\/www.roemische-legion.de\/wp-content\/uploads\/2018\/05\/P1320437-300x225.jpg\" alt=\"Fernsehinterview\" width=\"300\" height=\"225\" srcset=\"https:\/\/www.roemische-legion.de\/wp-content\/uploads\/2018\/05\/P1320437-300x225.jpg 300w, https:\/\/www.roemische-legion.de\/wp-content\/uploads\/2018\/05\/P1320437-768x576.jpg 768w, https:\/\/www.roemische-legion.de\/wp-content\/uploads\/2018\/05\/P1320437-1024x768.jpg 1024w, https:\/\/www.roemische-legion.de\/wp-content\/uploads\/2018\/05\/P1320437-1200x900.jpg 1200w\" sizes=\"auto, (max-width: 300px) 85vw, 300px\" \/><\/a><figcaption id=\"caption-attachment-1010\" class=\"wp-caption-text\">Fernsehinterview<\/figcaption><\/figure>",
        "protected": false
    },
    "excerpt": {
        "rendered": "<p>Er\u00f6ffnungsveranstaltung der Landesausstellung &#8222;Die Legion kehrt zur\u00fcck&#8220; mit Legion\u00e4ren der LEGIO II ITALICA und LANCIARII LAURIACENSES.<\/p>",
        "protected": false
    },
    "author": 1,
    "featured_media": 0,
    "parent": 7,
    "menu_order": 2100,
    "comment_status": "closed",
    "ping_status": "closed",
    "template": "",
    "meta": {
        "footnotes": ""
    },
    "class_list": [
        "post-1015",
        "page",
        "type-page",
        "status-publish",
        "hentry"
    ],
    "_links": {
        "self": [
            {
                "href": "https:\/\/www.roemische-legion.de\/en\/index.php?rest_route=\/wp\/v2\/pages\/1015",
                "targetHints": {
                    "allow": [
                        "GET"
                    ]
                }
            }
        ],
        "collection": [
            {
                "href": "https:\/\/www.roemische-legion.de\/en\/index.php?rest_route=\/wp\/v2\/pages"
            }
        ],
        "about": [
            {
                "href": "https:\/\/www.roemische-legion.de\/en\/index.php?rest_route=\/wp\/v2\/types\/page"
            }
        ],
        "author": [
            {
                "embeddable": true,
                "href": "https:\/\/www.roemische-legion.de\/en\/index.php?rest_route=\/wp\/v2\/users\/1"
            }
        ],
        "replies": [
            {
                "embeddable": true,
                "href": "https:\/\/www.roemische-legion.de\/en\/index.php?rest_route=%2Fwp%2Fv2%2Fcomments&post=1015"
            }
        ],
        "version-history": [
            {
                "count": 4,
                "href": "https:\/\/www.roemische-legion.de\/en\/index.php?rest_route=\/wp\/v2\/pages\/1015\/revisions"
            }
        ],
        "predecessor-version": [
            {
                "id": 4764,
                "href": "https:\/\/www.roemische-legion.de\/en\/index.php?rest_route=\/wp\/v2\/pages\/1015\/revisions\/4764"
            }
        ],
        "up": [
            {
                "embeddable": true,
                "href": "https:\/\/www.roemische-legion.de\/en\/index.php?rest_route=\/wp\/v2\/pages\/7"
            }
        ],
        "wp:attachment": [
            {
                "href": "https:\/\/www.roemische-legion.de\/en\/index.php?rest_route=%2Fwp%2Fv2%2Fmedia&parent=1015"
            }
        ],
        "curies": [
            {
                "name": "wp",
                "href": "https:\/\/api.w.org\/{rel}",
                "templated": true
            }
        ]
    }
}