{
    "id": 467,
    "date": "2016-10-14T15:59:57",
    "date_gmt": "2016-10-14T15:59:57",
    "guid": {
        "rendered": "http:\/\/wordpress.roemische-legion.de\/?page_id=467"
    },
    "modified": "2016-10-14T16:06:31",
    "modified_gmt": "2016-10-14T16:06:31",
    "slug": "waffenrecht",
    "status": "publish",
    "type": "page",
    "link": "https:\/\/www.roemische-legion.de\/en\/?page_id=467",
    "title": {
        "rendered": "Gun law"
    },
    "content": {
        "rendered": "<h2>Das F\u00fchren von Schwertern, Lanzen, Armbrust, Pfeil und Bogen (Waffengesetz Stand 1. April 2008)<\/h2>\n<figure id=\"attachment_147\" aria-describedby=\"caption-attachment-147\" style=\"width: 281px\" class=\"wp-caption alignright\"><a href=\"http:\/\/wordpress.roemische-legion.de\/wp-content\/uploads\/2016\/10\/gastraphetes3.jpg\"><img loading=\"lazy\" decoding=\"async\" class=\"size-medium wp-image-147\" src=\"http:\/\/wordpress.roemische-legion.de\/wp-content\/uploads\/2016\/10\/gastraphetes3-281x300.jpg\" alt=\"Armbrust\" width=\"281\" height=\"300\" srcset=\"https:\/\/www.roemische-legion.de\/wp-content\/uploads\/2016\/10\/gastraphetes3-281x300.jpg 281w, https:\/\/www.roemische-legion.de\/wp-content\/uploads\/2016\/10\/gastraphetes3.jpg 700w\" sizes=\"auto, (max-width: 281px) 85vw, 281px\" \/><\/a><figcaption id=\"caption-attachment-147\" class=\"wp-caption-text\">Armbrust<\/figcaption><\/figure>\n<figure id=\"attachment_143\" aria-describedby=\"caption-attachment-143\" style=\"width: 300px\" class=\"wp-caption alignleft\"><a href=\"http:\/\/wordpress.roemische-legion.de\/wp-content\/uploads\/2016\/10\/gastraphetes1.jpg\"><img loading=\"lazy\" decoding=\"async\" class=\"size-medium wp-image-143\" src=\"http:\/\/wordpress.roemische-legion.de\/wp-content\/uploads\/2016\/10\/gastraphetes1-300x279.jpg\" alt=\"Armbrust\" width=\"300\" height=\"279\" srcset=\"https:\/\/www.roemische-legion.de\/wp-content\/uploads\/2016\/10\/gastraphetes1-300x279.jpg 300w, https:\/\/www.roemische-legion.de\/wp-content\/uploads\/2016\/10\/gastraphetes1.jpg 700w\" sizes=\"auto, (max-width: 300px) 85vw, 300px\" \/><\/a><figcaption id=\"caption-attachment-143\" class=\"wp-caption-text\">Armbrust<\/figcaption><\/figure>\n<h3>1.) Waffen im Sinne des Waffengesetzes<\/h3>\n<p>Hieb- und Stichwaffen f\u00fcr den ein- oder zweih\u00e4ndigen Gebrauch, mit langer, meist gerader, ein- oder zweischneidiger Klinge, zumeist mit Handschutz, Parierstange oder Pariergef\u00e4\u00df ausgestattet. Diese Waffen mit scharfer Klinge (Schwerter oder Messer), auch mit beidseitig geschliffener feststehender Klinge, (auch \u00fcber 12 cm) sind grunds\u00e4tzlich\u00a0 Waffen im Sinne des \u00a7 1 Abs. 2, Nr. 2 A WaffG und somit ist ein Mindestalter von 18 Jahren vorgeschrieben. Das Tragen von Waffen bei \u00f6ffentlichen Veranstaltungen ist verboten.<\/p>\n<h3>2.) Korrektes Aussehen bei einer historischen Darstellung mit Waffen<\/h3>\n<p>Um eine korrekte und authentische Darstellung der r\u00f6mischen Ausr\u00fcstung zu\u00a0gew\u00e4hrleisten, sind au\u00dfer der Bekleidung und R\u00fcstung mit Panzer oder Kettenhemd nat\u00fcrlich auch Waffen notwendig. Im Rahmen von r\u00f6merzeitlichen historischen Veranstaltungen sind dies vor allem Replikate von zeitgen\u00f6ssischen Blankwaffen (Schwerter, Dolche, Lanzen) und Schusswaffen wie Pfeil und Bogen, bzw. Armbr\u00fcste. Zwar handelt es sich bei den Veranstaltungen um \u00f6ffentliche Veranstaltungen, jedoch ist den aktiven Teilnehmern das Tragen von Waffen in diesem Zusammenhang durch die Stadtverwaltung, Landratsamt in der Regel erlaubt.<\/p>\n<p>Die Waffen werden in der Regel ausschlie\u00dflich zur Brauchtumspflege verwendet und unterliegen somit der Ausnahme des \u00a7 42 A, Abs. 2, 3 WaffG. Voraussetzung ist nat\u00fcrlich, dass die Waffen zur Ausr\u00fcstung der r\u00f6mischen Bekleidung bei den historischen Veranstaltungen und nicht privat gef\u00fchrt werden. Bei den sogenannten Schauwaffen handelt es sich nicht um Hieb- und Stichwaffen, wie unter Punkt 1 aufgef\u00fchrten Schwerter und Messer.<\/p>\n<p>Die mitgef\u00fchrten Waffen sind Hieb- bzw. Stosswaffen gem. \u00a7 1, Abs. 2, Nr. 2, Buchstabe a WaffG in Verbindung mit Anlage 1, Abschnitt 1, Unterabschnitt 2, Nr. 1, zum WaffG, es handelt sich aber um Nachbildungen, die zur Brauchtumspflege (z.B. historisch\u00a0nachgebildete Schwerter und\u00a0Lanzen) oder als Dekorationsgegenstand (z.B. Dekorationsschwerter) geeignet sind und keinem Verbot nach WaffG \u00a7 42a Verbot des F\u00fchrens von Anscheinwaffen und bestimmten tragbaren Gegenst\u00e4nden unterliegt.<\/p>\n<p>Es ist verboten 1. Anscheinswaffen, 2. Hieb und Sto\u00dfwaffen nach Anlage 1, Abschnitt 1, Unterabschnitt 2, Nr. 1.1 oder 3. Messer mit einh\u00e4ndig feststellbarer Klinge (Einhandmesser) oder feststehendes Messer mit einer Klingenl\u00e4nge \u00fcber 12 cm zu f\u00fchren.<\/p>\n<p>Absatz 1 gilt nicht (1.) f\u00fcr die Verwendung bei Foto-, Film- oder Fernsehaufnahmen oder Theaterauff\u00fchrungen, (2.) f\u00fcr den Transport in einem verschlossenen Beh\u00e4ltnis, (3.) f\u00fcr das F\u00fchren der Gegenst\u00e4nde nach Absatz 1, Nr. 2 und 3, sofern ein berechtigtes Interesse vorliegt. Weitergehende Regelungen bleiben unber\u00fchrt.<\/p>\n<p>Ein berechtigtes Interesse nach Abs. 2, Nr. 3 liegt insbesondere vor, wenn das F\u00fchren der Gegenst\u00e4nde im Zusammenhang mit der Berufsaus\u00fcbung erfolgt, der Brauchtumspflege, dem Sport oder einem anerkannten Zweck dient.<\/p>\n<h3>3.) F\u00fchren von Pfeil und Bogen, Armbr\u00fcste<\/h3>\n<p>F\u00fcr das F\u00fchren von Pfeil und Bogen und Armbr\u00fcsten gilt das Mindestalter von 18 Jahren. Waffenschein oder Waffenbesitzkarte sind nicht erforderlich. F\u00fcr Pfeil und Bogen gibt es keine Beschr\u00e4nkungen, da diese nicht unter das Waffengesetz fallen (im Gegensatz zur Armbrust kann die Muskelenergie nicht durch mechanische Vorrichtungen gespeichert werden).<\/p>",
        "protected": false
    },
    "excerpt": {
        "rendered": "<p>Das F\u00fchren von Schwertern, Lanzen, Armbrust, Pfeil und Bogen (Waffengesetz Stand 1. April 2008) 1.) Waffen im Sinne des Waffengesetzes Hieb- und Stichwaffen f\u00fcr den ein- oder zweih\u00e4ndigen Gebrauch, mit langer, meist gerader, ein- oder zweischneidiger Klinge, zumeist mit Handschutz, Parierstange oder Pariergef\u00e4\u00df ausgestattet. Diese Waffen mit scharfer Klinge (Schwerter oder Messer), auch mit beidseitig &hellip; <a href=\"https:\/\/www.roemische-legion.de\/en\/?page_id=467\" class=\"more-link\">Continue reading<span class=\"screen-reader-text\"> &#8222;Waffenrecht&#8220;<\/span><\/a><\/p>",
        "protected": false
    },
    "author": 1,
    "featured_media": 0,
    "parent": 0,
    "menu_order": 20,
    "comment_status": "closed",
    "ping_status": "closed",
    "template": "",
    "meta": {
        "footnotes": ""
    },
    "class_list": [
        "post-467",
        "page",
        "type-page",
        "status-publish",
        "hentry"
    ],
    "_links": {
        "self": [
            {
                "href": "https:\/\/www.roemische-legion.de\/en\/index.php?rest_route=\/wp\/v2\/pages\/467",
                "targetHints": {
                    "allow": [
                        "GET"
                    ]
                }
            }
        ],
        "collection": [
            {
                "href": "https:\/\/www.roemische-legion.de\/en\/index.php?rest_route=\/wp\/v2\/pages"
            }
        ],
        "about": [
            {
                "href": "https:\/\/www.roemische-legion.de\/en\/index.php?rest_route=\/wp\/v2\/types\/page"
            }
        ],
        "author": [
            {
                "embeddable": true,
                "href": "https:\/\/www.roemische-legion.de\/en\/index.php?rest_route=\/wp\/v2\/users\/1"
            }
        ],
        "replies": [
            {
                "embeddable": true,
                "href": "https:\/\/www.roemische-legion.de\/en\/index.php?rest_route=%2Fwp%2Fv2%2Fcomments&post=467"
            }
        ],
        "version-history": [
            {
                "count": 3,
                "href": "https:\/\/www.roemische-legion.de\/en\/index.php?rest_route=\/wp\/v2\/pages\/467\/revisions"
            }
        ],
        "predecessor-version": [
            {
                "id": 471,
                "href": "https:\/\/www.roemische-legion.de\/en\/index.php?rest_route=\/wp\/v2\/pages\/467\/revisions\/471"
            }
        ],
        "wp:attachment": [
            {
                "href": "https:\/\/www.roemische-legion.de\/en\/index.php?rest_route=%2Fwp%2Fv2%2Fmedia&parent=467"
            }
        ],
        "curies": [
            {
                "name": "wp",
                "href": "https:\/\/api.w.org\/{rel}",
                "templated": true
            }
        ]
    }
}