{
    "id": 570,
    "date": "2016-10-19T17:51:25",
    "date_gmt": "2016-10-19T17:51:25",
    "guid": {
        "rendered": "http:\/\/wordpress.roemische-legion.de\/?page_id=570"
    },
    "modified": "2025-12-31T07:58:52",
    "modified_gmt": "2025-12-31T07:58:52",
    "slug": "kleidung",
    "status": "publish",
    "type": "page",
    "link": "https:\/\/www.roemische-legion.de\/en\/?page_id=570",
    "title": {
        "rendered": "LEGIO II ITALICA und LANCIARII LAURIACENSES &#8211; Bekleidung &#8211; M\u00e4nner\/Sonstiges\/Offizier Rangabzeichen"
    },
    "content": {
        "rendered": "<p>Falls nicht anders vermerkt alle Aufnahmen und Gegenst\u00e4nde Klaus P. Horack.<\/p>\n\n\n\n<h1 class=\"wp-block-heading\">Tuniken f\u00fcr M\u00e4nner<\/h1>\n\n\n\n<figure class=\"wp-block-gallery has-nested-images columns-default is-cropped wp-block-gallery-1 is-layout-flex wp-block-gallery-is-layout-flex\">\n<figure class=\"wp-block-image size-large\"><a href=\"https:\/\/www.roemische-legion.de\/wp-content\/uploads\/2016\/10\/tunika-1-front.jpg\"><img loading=\"lazy\" decoding=\"async\" width=\"766\" height=\"1024\" data-id=\"334\" src=\"https:\/\/www.roemische-legion.de\/wp-content\/uploads\/2016\/10\/tunika-1-front-766x1024.jpg\" alt=\"\" class=\"wp-image-334\" srcset=\"https:\/\/www.roemische-legion.de\/wp-content\/uploads\/2016\/10\/tunika-1-front-766x1024.jpg 766w, https:\/\/www.roemische-legion.de\/wp-content\/uploads\/2016\/10\/tunika-1-front-224x300.jpg 224w, https:\/\/www.roemische-legion.de\/wp-content\/uploads\/2016\/10\/tunika-1-front-768x1026.jpg 768w, https:\/\/www.roemische-legion.de\/wp-content\/uploads\/2016\/10\/tunika-1-front-1200x1604.jpg 1200w, https:\/\/www.roemische-legion.de\/wp-content\/uploads\/2016\/10\/tunika-1-front.jpg 1712w\" sizes=\"auto, (max-width: 766px) 85vw, 766px\" \/><\/a><figcaption class=\"wp-element-caption\">Tunika Foto (c) Klaus Peter Horack<\/figcaption><\/figure>\n\n\n\n<figure class=\"wp-block-image size-large\"><a href=\"https:\/\/www.roemische-legion.de\/wp-content\/uploads\/2016\/10\/tunika-1-nil.jpg\"><img loading=\"lazy\" decoding=\"async\" width=\"766\" height=\"1024\" data-id=\"335\" src=\"https:\/\/www.roemische-legion.de\/wp-content\/uploads\/2016\/10\/tunika-1-nil-766x1024.jpg\" alt=\"\" class=\"wp-image-335\" srcset=\"https:\/\/www.roemische-legion.de\/wp-content\/uploads\/2016\/10\/tunika-1-nil-766x1024.jpg 766w, https:\/\/www.roemische-legion.de\/wp-content\/uploads\/2016\/10\/tunika-1-nil-224x300.jpg 224w, https:\/\/www.roemische-legion.de\/wp-content\/uploads\/2016\/10\/tunika-1-nil-768x1026.jpg 768w, https:\/\/www.roemische-legion.de\/wp-content\/uploads\/2016\/10\/tunika-1-nil-1200x1604.jpg 1200w, https:\/\/www.roemische-legion.de\/wp-content\/uploads\/2016\/10\/tunika-1-nil.jpg 1712w\" sizes=\"auto, (max-width: 766px) 85vw, 766px\" \/><\/a><figcaption class=\"wp-element-caption\">Tunika Gott Nil Foto (c) Klaus Peter Horack<\/figcaption><\/figure>\n\n\n\n<figure class=\"wp-block-image size-large\"><a href=\"https:\/\/www.roemische-legion.de\/wp-content\/uploads\/2016\/10\/tunika-1-erde.jpg\"><img loading=\"lazy\" decoding=\"async\" width=\"766\" height=\"1024\" data-id=\"333\" src=\"https:\/\/www.roemische-legion.de\/wp-content\/uploads\/2016\/10\/tunika-1-erde-766x1024.jpg\" alt=\"\" class=\"wp-image-333\" srcset=\"https:\/\/www.roemische-legion.de\/wp-content\/uploads\/2016\/10\/tunika-1-erde-766x1024.jpg 766w, https:\/\/www.roemische-legion.de\/wp-content\/uploads\/2016\/10\/tunika-1-erde-224x300.jpg 224w, https:\/\/www.roemische-legion.de\/wp-content\/uploads\/2016\/10\/tunika-1-erde-768x1026.jpg 768w, https:\/\/www.roemische-legion.de\/wp-content\/uploads\/2016\/10\/tunika-1-erde-1200x1604.jpg 1200w, https:\/\/www.roemische-legion.de\/wp-content\/uploads\/2016\/10\/tunika-1-erde.jpg 1712w\" sizes=\"auto, (max-width: 766px) 85vw, 766px\" \/><\/a><figcaption class=\"wp-element-caption\">Tunika G\u00f6ttin Erde Foto (c) Klaus Peter Horack<\/figcaption><\/figure>\n\n\n\n<figure class=\"wp-block-image size-large\"><a href=\"https:\/\/www.roemische-legion.de\/wp-content\/uploads\/2016\/10\/p1010001.jpg\"><img loading=\"lazy\" decoding=\"async\" width=\"766\" height=\"1024\" data-id=\"262\" src=\"https:\/\/www.roemische-legion.de\/wp-content\/uploads\/2016\/10\/p1010001-766x1024.jpg\" alt=\"\" class=\"wp-image-262\" srcset=\"https:\/\/www.roemische-legion.de\/wp-content\/uploads\/2016\/10\/p1010001-766x1024.jpg 766w, https:\/\/www.roemische-legion.de\/wp-content\/uploads\/2016\/10\/p1010001-224x300.jpg 224w, https:\/\/www.roemische-legion.de\/wp-content\/uploads\/2016\/10\/p1010001-768x1026.jpg 768w, https:\/\/www.roemische-legion.de\/wp-content\/uploads\/2016\/10\/p1010001-1200x1604.jpg 1200w, https:\/\/www.roemische-legion.de\/wp-content\/uploads\/2016\/10\/p1010001.jpg 1712w\" sizes=\"auto, (max-width: 766px) 85vw, 766px\" \/><\/a><figcaption class=\"wp-element-caption\">Tunika bestickt Foto (c) Klaus Peter Horack<\/figcaption><\/figure>\n\n\n\n<figure class=\"wp-block-image size-large\"><a href=\"https:\/\/www.roemische-legion.de\/wp-content\/uploads\/2016\/10\/vivat-bedaium-2012-047.jpg\"><img loading=\"lazy\" decoding=\"async\" width=\"768\" height=\"1024\" data-id=\"346\" src=\"https:\/\/www.roemische-legion.de\/wp-content\/uploads\/2016\/10\/vivat-bedaium-2012-047-768x1024.jpg\" alt=\"\" class=\"wp-image-346\" srcset=\"https:\/\/www.roemische-legion.de\/wp-content\/uploads\/2016\/10\/vivat-bedaium-2012-047-768x1024.jpg 768w, https:\/\/www.roemische-legion.de\/wp-content\/uploads\/2016\/10\/vivat-bedaium-2012-047-225x300.jpg 225w, https:\/\/www.roemische-legion.de\/wp-content\/uploads\/2016\/10\/vivat-bedaium-2012-047.jpg 800w\" sizes=\"auto, (max-width: 768px) 85vw, 768px\" \/><\/a><figcaption class=\"wp-element-caption\">Sp\u00e4tantike Tunika Foto (c) Klaus Peter Horack<\/figcaption><\/figure>\n\n\n\n<figure class=\"wp-block-image size-large\"><a href=\"https:\/\/www.roemische-legion.de\/wp-content\/uploads\/2016\/10\/p1010004.jpg\"><img loading=\"lazy\" decoding=\"async\" width=\"766\" height=\"1024\" data-id=\"265\" src=\"https:\/\/www.roemische-legion.de\/wp-content\/uploads\/2016\/10\/p1010004-766x1024.jpg\" alt=\"\" class=\"wp-image-265\" srcset=\"https:\/\/www.roemische-legion.de\/wp-content\/uploads\/2016\/10\/p1010004-766x1024.jpg 766w, https:\/\/www.roemische-legion.de\/wp-content\/uploads\/2016\/10\/p1010004-224x300.jpg 224w, https:\/\/www.roemische-legion.de\/wp-content\/uploads\/2016\/10\/p1010004-768x1026.jpg 768w, https:\/\/www.roemische-legion.de\/wp-content\/uploads\/2016\/10\/p1010004-1200x1604.jpg 1200w, https:\/\/www.roemische-legion.de\/wp-content\/uploads\/2016\/10\/p1010004.jpg 1712w\" sizes=\"auto, (max-width: 766px) 85vw, 766px\" \/><\/a><figcaption class=\"wp-element-caption\">Tunika Foto (c) Klaus Peter Horack<\/figcaption><\/figure>\n\n\n\n<figure class=\"wp-block-image size-large\"><a href=\"https:\/\/www.roemische-legion.de\/wp-content\/uploads\/2016\/10\/vivat-bedaium-2012-051.jpg\"><img loading=\"lazy\" decoding=\"async\" width=\"768\" height=\"1024\" data-id=\"347\" src=\"https:\/\/www.roemische-legion.de\/wp-content\/uploads\/2016\/10\/vivat-bedaium-2012-051-768x1024.jpg\" alt=\"\" class=\"wp-image-347\" srcset=\"https:\/\/www.roemische-legion.de\/wp-content\/uploads\/2016\/10\/vivat-bedaium-2012-051-768x1024.jpg 768w, https:\/\/www.roemische-legion.de\/wp-content\/uploads\/2016\/10\/vivat-bedaium-2012-051-225x300.jpg 225w, https:\/\/www.roemische-legion.de\/wp-content\/uploads\/2016\/10\/vivat-bedaium-2012-051.jpg 800w\" sizes=\"auto, (max-width: 768px) 85vw, 768px\" \/><\/a><figcaption class=\"wp-element-caption\">Sp\u00e4tantike Tunika Foto (c) Klaus Peter Horack<\/figcaption><\/figure>\n\n\n\n<figure class=\"wp-block-image size-large\"><a href=\"https:\/\/www.roemische-legion.de\/wp-content\/uploads\/2016\/10\/p1010007.jpg\"><img loading=\"lazy\" decoding=\"async\" width=\"766\" height=\"1024\" data-id=\"267\" src=\"https:\/\/www.roemische-legion.de\/wp-content\/uploads\/2016\/10\/p1010007-766x1024.jpg\" alt=\"\" class=\"wp-image-267\" srcset=\"https:\/\/www.roemische-legion.de\/wp-content\/uploads\/2016\/10\/p1010007-766x1024.jpg 766w, https:\/\/www.roemische-legion.de\/wp-content\/uploads\/2016\/10\/p1010007-224x300.jpg 224w, https:\/\/www.roemische-legion.de\/wp-content\/uploads\/2016\/10\/p1010007-768x1026.jpg 768w, https:\/\/www.roemische-legion.de\/wp-content\/uploads\/2016\/10\/p1010007-1200x1604.jpg 1200w, https:\/\/www.roemische-legion.de\/wp-content\/uploads\/2016\/10\/p1010007.jpg 1712w\" sizes=\"auto, (max-width: 766px) 85vw, 766px\" \/><\/a><figcaption class=\"wp-element-caption\">Tunika einfach Foto (c) Klaus Peter Horack<\/figcaption><\/figure>\n\n\n\n<figure class=\"wp-block-image size-large\"><a href=\"https:\/\/www.roemische-legion.de\/wp-content\/uploads\/2016\/10\/tunika4.jahrh_.jpg\"><img loading=\"lazy\" decoding=\"async\" width=\"600\" height=\"800\" data-id=\"337\" src=\"https:\/\/www.roemische-legion.de\/wp-content\/uploads\/2016\/10\/tunika4.jahrh_.jpg\" alt=\"\" class=\"wp-image-337\" srcset=\"https:\/\/www.roemische-legion.de\/wp-content\/uploads\/2016\/10\/tunika4.jahrh_.jpg 600w, https:\/\/www.roemische-legion.de\/wp-content\/uploads\/2016\/10\/tunika4.jahrh_-225x300.jpg 225w\" sizes=\"auto, (max-width: 600px) 85vw, 600px\" \/><\/a><figcaption class=\"wp-element-caption\">Sp\u00e4tr\u00f6mische Tunika Foto (C) Klaus Peter Horack<\/figcaption><\/figure>\n\n\n\n<figure class=\"wp-block-image size-large\"><a href=\"https:\/\/www.roemische-legion.de\/wp-content\/uploads\/2016\/10\/sagum2013.jpg\"><img loading=\"lazy\" decoding=\"async\" width=\"600\" height=\"800\" data-id=\"307\" src=\"https:\/\/www.roemische-legion.de\/wp-content\/uploads\/2016\/10\/sagum2013.jpg\" alt=\"\" class=\"wp-image-307\" srcset=\"https:\/\/www.roemische-legion.de\/wp-content\/uploads\/2016\/10\/sagum2013.jpg 600w, https:\/\/www.roemische-legion.de\/wp-content\/uploads\/2016\/10\/sagum2013-225x300.jpg 225w\" sizes=\"auto, (max-width: 600px) 85vw, 600px\" \/><\/a><figcaption class=\"wp-element-caption\">Sagum\/Umhang  Sp\u00e4tr\u00f6misch Foto (C) Klaus Peter Horack<\/figcaption><\/figure>\n\n\n\n<figure class=\"wp-block-image size-large\"><a href=\"https:\/\/www.roemische-legion.de\/wp-content\/uploads\/2016\/10\/tunika-spaetroemisch.jpg\"><img loading=\"lazy\" decoding=\"async\" width=\"700\" height=\"933\" data-id=\"336\" src=\"https:\/\/www.roemische-legion.de\/wp-content\/uploads\/2016\/10\/tunika-spaetroemisch.jpg\" alt=\"\" class=\"wp-image-336\" srcset=\"https:\/\/www.roemische-legion.de\/wp-content\/uploads\/2016\/10\/tunika-spaetroemisch.jpg 700w, https:\/\/www.roemische-legion.de\/wp-content\/uploads\/2016\/10\/tunika-spaetroemisch-225x300.jpg 225w\" sizes=\"auto, (max-width: 700px) 85vw, 700px\" \/><\/a><figcaption class=\"wp-element-caption\">Sp\u00e4tr\u00f6mische Tunika Foto (c) Klaus Peter Horack<\/figcaption><\/figure>\n\n\n\n<figure class=\"wp-block-image size-large\"><a href=\"https:\/\/www.roemische-legion.de\/wp-content\/uploads\/2016\/10\/sagum-spaetroemisch.jpg\"><img loading=\"lazy\" decoding=\"async\" width=\"700\" height=\"933\" data-id=\"306\" src=\"https:\/\/www.roemische-legion.de\/wp-content\/uploads\/2016\/10\/sagum-spaetroemisch.jpg\" alt=\"\" class=\"wp-image-306\" srcset=\"https:\/\/www.roemische-legion.de\/wp-content\/uploads\/2016\/10\/sagum-spaetroemisch.jpg 700w, https:\/\/www.roemische-legion.de\/wp-content\/uploads\/2016\/10\/sagum-spaetroemisch-225x300.jpg 225w\" sizes=\"auto, (max-width: 700px) 85vw, 700px\" \/><\/a><figcaption class=\"wp-element-caption\">Sagum\/Umhang  Sp\u00e4tr\u00f6misch Foto (C) Klaus Peter Horack<\/figcaption><\/figure>\n<\/figure>\n\n\n\n<h2 class=\"wp-block-heading\">Musik, M\u00fchle und Backen <\/h2>\n\n\n\n<figure class=\"wp-block-gallery has-nested-images columns-default is-cropped wp-block-gallery-2 is-layout-flex wp-block-gallery-is-layout-flex\">\n<figure class=\"wp-block-image size-large\"><a href=\"https:\/\/www.roemische-legion.de\/wp-content\/uploads\/2016\/10\/cornu-und-lituus.jpg\"><img loading=\"lazy\" decoding=\"async\" width=\"768\" height=\"1024\" data-id=\"127\" src=\"https:\/\/www.roemische-legion.de\/wp-content\/uploads\/2016\/10\/cornu-und-lituus-768x1024.jpg\" alt=\"\" class=\"wp-image-127\" srcset=\"https:\/\/www.roemische-legion.de\/wp-content\/uploads\/2016\/10\/cornu-und-lituus-768x1024.jpg 768w, https:\/\/www.roemische-legion.de\/wp-content\/uploads\/2016\/10\/cornu-und-lituus-225x300.jpg 225w, https:\/\/www.roemische-legion.de\/wp-content\/uploads\/2016\/10\/cornu-und-lituus.jpg 800w\" sizes=\"auto, (max-width: 768px) 85vw, 768px\" \/><\/a><figcaption class=\"wp-element-caption\">Cornu und Lituus Foto (C) Klaus Peter Horack<\/figcaption><\/figure>\n\n\n\n<figure class=\"wp-block-image size-large\"><a href=\"https:\/\/www.roemische-legion.de\/wp-content\/uploads\/2016\/10\/getreidemhle.jpg\"><img loading=\"lazy\" decoding=\"async\" width=\"768\" height=\"1024\" data-id=\"151\" src=\"https:\/\/www.roemische-legion.de\/wp-content\/uploads\/2016\/10\/getreidemhle-768x1024.jpg\" alt=\"\" class=\"wp-image-151\" srcset=\"https:\/\/www.roemische-legion.de\/wp-content\/uploads\/2016\/10\/getreidemhle-768x1024.jpg 768w, https:\/\/www.roemische-legion.de\/wp-content\/uploads\/2016\/10\/getreidemhle-225x300.jpg 225w, https:\/\/www.roemische-legion.de\/wp-content\/uploads\/2016\/10\/getreidemhle.jpg 800w\" sizes=\"auto, (max-width: 768px) 85vw, 768px\" \/><\/a><figcaption class=\"wp-element-caption\">Getreidem\u00fchle Foto (C) Klaus Peter Horack<\/figcaption><\/figure>\n<\/figure>\n\n\n\n<figure class=\"wp-block-image size-large is-resized\"><img loading=\"lazy\" decoding=\"async\" width=\"1024\" height=\"813\" src=\"https:\/\/www.roemische-legion.de\/wp-content\/uploads\/2024\/07\/DSC_0013-Kopie-2-1024x813.jpg\" alt=\"\" class=\"wp-image-3749\" style=\"width:630px;height:auto\" srcset=\"https:\/\/www.roemische-legion.de\/wp-content\/uploads\/2024\/07\/DSC_0013-Kopie-2-1024x813.jpg 1024w, https:\/\/www.roemische-legion.de\/wp-content\/uploads\/2024\/07\/DSC_0013-Kopie-2-300x238.jpg 300w, https:\/\/www.roemische-legion.de\/wp-content\/uploads\/2024\/07\/DSC_0013-Kopie-2-768x609.jpg 768w, https:\/\/www.roemische-legion.de\/wp-content\/uploads\/2024\/07\/DSC_0013-Kopie-2-1536x1219.jpg 1536w, https:\/\/www.roemische-legion.de\/wp-content\/uploads\/2024\/07\/DSC_0013-Kopie-2-2048x1625.jpg 2048w, https:\/\/www.roemische-legion.de\/wp-content\/uploads\/2024\/07\/DSC_0013-Kopie-2-1200x952.jpg 1200w\" sizes=\"auto, (max-width: 709px) 85vw, (max-width: 909px) 67vw, (max-width: 1362px) 62vw, 840px\" \/><figcaption class=\"wp-element-caption\">Mobile r\u00f6mische Backvorrichtung. Brot- oder Fladenteig auf ge\u00f6lte Schale legen und abdecken. Foto (C) Klaus Peter Horack<\/figcaption><\/figure>\n\n\n\n<h2 class=\"wp-block-heading\">Milit\u00e4rg\u00fcrtel<\/h2>\n\n\n\n<figure class=\"wp-block-gallery has-nested-images columns-default is-cropped wp-block-gallery-3 is-layout-flex wp-block-gallery-is-layout-flex\">\n<figure class=\"wp-block-image size-large\"><a href=\"https:\/\/www.roemische-legion.de\/wp-content\/uploads\/2016\/10\/guertel-1.jpg\"><img loading=\"lazy\" decoding=\"async\" width=\"800\" height=\"600\" data-id=\"154\" src=\"https:\/\/www.roemische-legion.de\/wp-content\/uploads\/2016\/10\/guertel-1.jpg\" alt=\"\" class=\"wp-image-154\" srcset=\"https:\/\/www.roemische-legion.de\/wp-content\/uploads\/2016\/10\/guertel-1.jpg 800w, https:\/\/www.roemische-legion.de\/wp-content\/uploads\/2016\/10\/guertel-1-300x225.jpg 300w, https:\/\/www.roemische-legion.de\/wp-content\/uploads\/2016\/10\/guertel-1-768x576.jpg 768w\" sizes=\"auto, (max-width: 800px) 85vw, 800px\" \/><\/a><figcaption class=\"wp-element-caption\">G\u00fcrtel Foto (C) Klaus Peter Horack<\/figcaption><\/figure>\n\n\n\n<figure class=\"wp-block-image size-large\"><a href=\"https:\/\/www.roemische-legion.de\/wp-content\/uploads\/2016\/10\/guertel-3.jpg\"><img loading=\"lazy\" decoding=\"async\" width=\"800\" height=\"600\" data-id=\"156\" src=\"https:\/\/www.roemische-legion.de\/wp-content\/uploads\/2016\/10\/guertel-3.jpg\" alt=\"\" class=\"wp-image-156\" srcset=\"https:\/\/www.roemische-legion.de\/wp-content\/uploads\/2016\/10\/guertel-3.jpg 800w, https:\/\/www.roemische-legion.de\/wp-content\/uploads\/2016\/10\/guertel-3-300x225.jpg 300w, https:\/\/www.roemische-legion.de\/wp-content\/uploads\/2016\/10\/guertel-3-768x576.jpg 768w\" sizes=\"auto, (max-width: 800px) 85vw, 800px\" \/><\/a><figcaption class=\"wp-element-caption\">G\u00fcrtel Foto (C) Klaus Peter Horack<\/figcaption><\/figure>\n\n\n\n<figure class=\"wp-block-image size-large\"><a href=\"https:\/\/www.roemische-legion.de\/wp-content\/uploads\/2016\/10\/guertel-2.jpg\"><img loading=\"lazy\" decoding=\"async\" width=\"800\" height=\"600\" data-id=\"155\" src=\"https:\/\/www.roemische-legion.de\/wp-content\/uploads\/2016\/10\/guertel-2.jpg\" alt=\"\" class=\"wp-image-155\" srcset=\"https:\/\/www.roemische-legion.de\/wp-content\/uploads\/2016\/10\/guertel-2.jpg 800w, https:\/\/www.roemische-legion.de\/wp-content\/uploads\/2016\/10\/guertel-2-300x225.jpg 300w, https:\/\/www.roemische-legion.de\/wp-content\/uploads\/2016\/10\/guertel-2-768x576.jpg 768w\" sizes=\"auto, (max-width: 800px) 85vw, 800px\" \/><\/a><figcaption class=\"wp-element-caption\">G\u00fcrtel Foto (C) Klaus Peter Horack<\/figcaption><\/figure>\n\n\n\n<figure class=\"wp-block-image size-large\"><a href=\"https:\/\/www.roemische-legion.de\/wp-content\/uploads\/2016\/10\/guertel-4.jpg\"><img loading=\"lazy\" decoding=\"async\" width=\"800\" height=\"600\" data-id=\"157\" src=\"https:\/\/www.roemische-legion.de\/wp-content\/uploads\/2016\/10\/guertel-4.jpg\" alt=\"\" class=\"wp-image-157\" srcset=\"https:\/\/www.roemische-legion.de\/wp-content\/uploads\/2016\/10\/guertel-4.jpg 800w, https:\/\/www.roemische-legion.de\/wp-content\/uploads\/2016\/10\/guertel-4-300x225.jpg 300w, https:\/\/www.roemische-legion.de\/wp-content\/uploads\/2016\/10\/guertel-4-768x576.jpg 768w\" sizes=\"auto, (max-width: 800px) 85vw, 800px\" \/><\/a><figcaption class=\"wp-element-caption\">G\u00fcrtel Foto (C) Klaus Peter Horack<\/figcaption><\/figure>\n\n\n\n<figure class=\"wp-block-image size-large\"><a href=\"https:\/\/www.roemische-legion.de\/wp-content\/uploads\/2016\/10\/guertel-5.jpg\"><img loading=\"lazy\" decoding=\"async\" width=\"800\" height=\"600\" data-id=\"158\" src=\"https:\/\/www.roemische-legion.de\/wp-content\/uploads\/2016\/10\/guertel-5.jpg\" alt=\"\" class=\"wp-image-158\" srcset=\"https:\/\/www.roemische-legion.de\/wp-content\/uploads\/2016\/10\/guertel-5.jpg 800w, https:\/\/www.roemische-legion.de\/wp-content\/uploads\/2016\/10\/guertel-5-300x225.jpg 300w, https:\/\/www.roemische-legion.de\/wp-content\/uploads\/2016\/10\/guertel-5-768x576.jpg 768w\" sizes=\"auto, (max-width: 800px) 85vw, 800px\" \/><\/a><figcaption class=\"wp-element-caption\">G\u00fcrtel Foto (c) Klaus Peter Horack<\/figcaption><\/figure>\n\n\n\n<figure class=\"wp-block-image size-large\"><a href=\"https:\/\/www.roemische-legion.de\/wp-content\/uploads\/2021\/04\/Guertel-scaled.jpg\"><img loading=\"lazy\" decoding=\"async\" width=\"1024\" height=\"642\" data-id=\"1780\" src=\"https:\/\/www.roemische-legion.de\/wp-content\/uploads\/2021\/04\/Guertel-1024x642.jpg\" alt=\"\" class=\"wp-image-1780\" srcset=\"https:\/\/www.roemische-legion.de\/wp-content\/uploads\/2021\/04\/Guertel-1024x642.jpg 1024w, https:\/\/www.roemische-legion.de\/wp-content\/uploads\/2021\/04\/Guertel-300x188.jpg 300w, https:\/\/www.roemische-legion.de\/wp-content\/uploads\/2021\/04\/Guertel-768x482.jpg 768w, https:\/\/www.roemische-legion.de\/wp-content\/uploads\/2021\/04\/Guertel-1536x963.jpg 1536w, https:\/\/www.roemische-legion.de\/wp-content\/uploads\/2021\/04\/Guertel-2048x1284.jpg 2048w, https:\/\/www.roemische-legion.de\/wp-content\/uploads\/2021\/04\/Guertel-16x10.jpg 16w, https:\/\/www.roemische-legion.de\/wp-content\/uploads\/2021\/04\/Guertel-1200x752.jpg 1200w\" sizes=\"auto, (max-width: 709px) 85vw, (max-width: 909px) 67vw, (max-width: 1362px) 62vw, 840px\" \/><\/a><figcaption class=\"wp-element-caption\">G\u00fcrtel Foto (C) Klaus Peter Horack<\/figcaption><\/figure>\n<\/figure>\n\n\n\n<h2 class=\"wp-block-heading\">Zwiebelknopffibeln<\/h2>\n\n\n\n<figure class=\"wp-block-image size-large\"><img loading=\"lazy\" decoding=\"async\" width=\"1024\" height=\"752\" src=\"https:\/\/www.roemische-legion.de\/wp-content\/uploads\/2024\/10\/DSC_0021-1024x752.jpg\" alt=\"\" class=\"wp-image-3916\" srcset=\"https:\/\/www.roemische-legion.de\/wp-content\/uploads\/2024\/10\/DSC_0021-1024x752.jpg 1024w, https:\/\/www.roemische-legion.de\/wp-content\/uploads\/2024\/10\/DSC_0021-300x220.jpg 300w, https:\/\/www.roemische-legion.de\/wp-content\/uploads\/2024\/10\/DSC_0021-768x564.jpg 768w, https:\/\/www.roemische-legion.de\/wp-content\/uploads\/2024\/10\/DSC_0021-1536x1127.jpg 1536w, https:\/\/www.roemische-legion.de\/wp-content\/uploads\/2024\/10\/DSC_0021-2048x1503.jpg 2048w, https:\/\/www.roemische-legion.de\/wp-content\/uploads\/2024\/10\/DSC_0021-1200x881.jpg 1200w\" sizes=\"auto, (max-width: 709px) 85vw, (max-width: 909px) 67vw, (max-width: 1362px) 62vw, 840px\" \/><\/figure>\n\n\n\n<p>Verschiedene Typen. Eine Zwiebelknopffibel ist eine Gewandfibel der Sp\u00e4tantike. Im Vordergrund zwei Originale. Foto (c) Klaus Peter Horack<\/p>\n\n\n\n<h2 class=\"wp-block-heading\">R\u00f6mische Laterne und Spiegel (Spiegel H\u00f6he 25cm)<\/h2>\n\n\n\n<div class=\"wp-block-columns is-layout-flex wp-container-core-columns-is-layout-9d6595d7 wp-block-columns-is-layout-flex\">\n<div class=\"wp-block-column is-layout-flow wp-block-column-is-layout-flow\">\n<figure class=\"wp-block-image size-large\"><img loading=\"lazy\" decoding=\"async\" width=\"732\" height=\"1024\" src=\"https:\/\/www.roemische-legion.de\/wp-content\/uploads\/2025\/01\/s-l1600-732x1024.webp\" alt=\"\" class=\"wp-image-4193\" srcset=\"https:\/\/www.roemische-legion.de\/wp-content\/uploads\/2025\/01\/s-l1600-732x1024.webp 732w, https:\/\/www.roemische-legion.de\/wp-content\/uploads\/2025\/01\/s-l1600-214x300.webp 214w, https:\/\/www.roemische-legion.de\/wp-content\/uploads\/2025\/01\/s-l1600-768x1075.webp 768w, https:\/\/www.roemische-legion.de\/wp-content\/uploads\/2025\/01\/s-l1600-1097x1536.webp 1097w, https:\/\/www.roemische-legion.de\/wp-content\/uploads\/2025\/01\/s-l1600.webp 1143w\" sizes=\"auto, (max-width: 732px) 85vw, 732px\" \/><\/figure>\n<\/div>\n\n\n\n<div class=\"wp-block-column is-layout-flow wp-block-column-is-layout-flow\">\n<figure class=\"wp-block-image size-large\"><img loading=\"lazy\" decoding=\"async\" width=\"686\" height=\"1024\" src=\"https:\/\/www.roemische-legion.de\/wp-content\/uploads\/2024\/12\/Spiegel-686x1024.jpg\" alt=\"\" class=\"wp-image-4129\" srcset=\"https:\/\/www.roemische-legion.de\/wp-content\/uploads\/2024\/12\/Spiegel-686x1024.jpg 686w, https:\/\/www.roemische-legion.de\/wp-content\/uploads\/2024\/12\/Spiegel-201x300.jpg 201w, https:\/\/www.roemische-legion.de\/wp-content\/uploads\/2024\/12\/Spiegel-768x1147.jpg 768w, https:\/\/www.roemische-legion.de\/wp-content\/uploads\/2024\/12\/Spiegel-1028x1536.jpg 1028w, https:\/\/www.roemische-legion.de\/wp-content\/uploads\/2024\/12\/Spiegel-1371x2048.jpg 1371w, https:\/\/www.roemische-legion.de\/wp-content\/uploads\/2024\/12\/Spiegel-1200x1792.jpg 1200w, https:\/\/www.roemische-legion.de\/wp-content\/uploads\/2024\/12\/Spiegel-scaled.jpg 1714w\" sizes=\"auto, (max-width: 686px) 85vw, 686px\" \/><\/figure>\n<\/div>\n<\/div>\n\n\n\n<h2 class=\"wp-block-heading\">Sp\u00e4tantiker Torques (Halsring)<\/h2>\n\n\n\n<figure class=\"wp-block-image size-large\"><img loading=\"lazy\" decoding=\"async\" width=\"1024\" height=\"378\" src=\"https:\/\/www.roemische-legion.de\/wp-content\/uploads\/2024\/11\/Spaetroemische-Torques-1024x378.jpg\" alt=\"\" class=\"wp-image-4039\" srcset=\"https:\/\/www.roemische-legion.de\/wp-content\/uploads\/2024\/11\/Spaetroemische-Torques-1024x378.jpg 1024w, https:\/\/www.roemische-legion.de\/wp-content\/uploads\/2024\/11\/Spaetroemische-Torques-300x111.jpg 300w, https:\/\/www.roemische-legion.de\/wp-content\/uploads\/2024\/11\/Spaetroemische-Torques-768x283.jpg 768w, https:\/\/www.roemische-legion.de\/wp-content\/uploads\/2024\/11\/Spaetroemische-Torques-1536x567.jpg 1536w, https:\/\/www.roemische-legion.de\/wp-content\/uploads\/2024\/11\/Spaetroemische-Torques-2048x756.jpg 2048w, https:\/\/www.roemische-legion.de\/wp-content\/uploads\/2024\/11\/Spaetroemische-Torques-1200x443.jpg 1200w\" sizes=\"auto, (max-width: 709px) 85vw, (max-width: 909px) 67vw, (max-width: 1362px) 62vw, 840px\" \/><\/figure>\n\n\n\n<p>Milit\u00e4rische Auszeichnung der R\u00f6mer in der Sp\u00e4tantike. Kaiser Flavius Claudius Julianus, auch Julian Apostata (331 bis 26.06.363 n. Chr.) wurde 360 von seinen Soldaten in Lutetia zum Augustus ausgerufen. Anstelle eines fehlenden Diadems wurde er mit einem Torques gekr\u00f6nt. Foto (c) Klaus Peter Horack<\/p>\n\n\n\n<h1 class=\"wp-block-heading has-text-align-left\">Schuhe<\/h1>\n\n\n\n<figure class=\"wp-block-gallery has-nested-images columns-default is-cropped wp-block-gallery-4 is-layout-flex wp-block-gallery-is-layout-flex\">\n<figure class=\"wp-block-image size-large\"><a href=\"https:\/\/www.roemische-legion.de\/wp-content\/uploads\/2016\/10\/caligae2.jpg\"><img loading=\"lazy\" decoding=\"async\" width=\"1000\" height=\"748\" data-id=\"121\" src=\"https:\/\/www.roemische-legion.de\/wp-content\/uploads\/2016\/10\/caligae2.jpg\" alt=\"\" class=\"wp-image-121\" srcset=\"https:\/\/www.roemische-legion.de\/wp-content\/uploads\/2016\/10\/caligae2.jpg 1000w, https:\/\/www.roemische-legion.de\/wp-content\/uploads\/2016\/10\/caligae2-300x224.jpg 300w, https:\/\/www.roemische-legion.de\/wp-content\/uploads\/2016\/10\/caligae2-768x574.jpg 768w\" sizes=\"auto, (max-width: 709px) 85vw, (max-width: 909px) 67vw, (max-width: 1362px) 62vw, 840px\" \/><\/a><figcaption class=\"wp-element-caption\">Caligae Foto (C) Klaus Peter Horack<\/figcaption><\/figure>\n\n\n\n<figure class=\"wp-block-image size-large\"><a href=\"https:\/\/www.roemische-legion.de\/wp-content\/uploads\/2016\/10\/caligae1.jpg\"><img loading=\"lazy\" decoding=\"async\" width=\"1000\" height=\"748\" data-id=\"120\" src=\"https:\/\/www.roemische-legion.de\/wp-content\/uploads\/2016\/10\/caligae1.jpg\" alt=\"\" class=\"wp-image-120\" srcset=\"https:\/\/www.roemische-legion.de\/wp-content\/uploads\/2016\/10\/caligae1.jpg 1000w, https:\/\/www.roemische-legion.de\/wp-content\/uploads\/2016\/10\/caligae1-300x224.jpg 300w, https:\/\/www.roemische-legion.de\/wp-content\/uploads\/2016\/10\/caligae1-768x574.jpg 768w\" sizes=\"auto, (max-width: 709px) 85vw, (max-width: 909px) 67vw, (max-width: 1362px) 62vw, 840px\" \/><\/a><figcaption class=\"wp-element-caption\">Caligae Foto (C) Klaus Peter Horack<\/figcaption><\/figure>\n\n\n\n<figure class=\"wp-block-image size-large\"><a href=\"https:\/\/www.roemische-legion.de\/wp-content\/uploads\/2021\/04\/AuxilliarStiefel.jpg\"><img loading=\"lazy\" decoding=\"async\" width=\"1024\" height=\"718\" data-id=\"1828\" src=\"https:\/\/www.roemische-legion.de\/wp-content\/uploads\/2021\/04\/AuxilliarStiefel-1024x718.jpg\" alt=\"\" class=\"wp-image-1828\" srcset=\"https:\/\/www.roemische-legion.de\/wp-content\/uploads\/2021\/04\/AuxilliarStiefel-1024x718.jpg 1024w, https:\/\/www.roemische-legion.de\/wp-content\/uploads\/2021\/04\/AuxilliarStiefel-300x210.jpg 300w, https:\/\/www.roemische-legion.de\/wp-content\/uploads\/2021\/04\/AuxilliarStiefel-768x539.jpg 768w, https:\/\/www.roemische-legion.de\/wp-content\/uploads\/2021\/04\/AuxilliarStiefel-1536x1077.jpg 1536w, https:\/\/www.roemische-legion.de\/wp-content\/uploads\/2021\/04\/AuxilliarStiefel-2048x1437.jpg 2048w, https:\/\/www.roemische-legion.de\/wp-content\/uploads\/2021\/04\/AuxilliarStiefel-16x12.jpg 16w, https:\/\/www.roemische-legion.de\/wp-content\/uploads\/2021\/04\/AuxilliarStiefel-1200x842.jpg 1200w\" sizes=\"auto, (max-width: 709px) 85vw, (max-width: 909px) 67vw, (max-width: 1362px) 62vw, 840px\" \/><\/a><figcaption class=\"wp-element-caption\">Auxilliarstiefel Foto (C) Klaus Peter Horack<\/figcaption><\/figure>\n\n\n\n<figure class=\"wp-block-image size-large\"><a href=\"https:\/\/www.roemische-legion.de\/wp-content\/uploads\/2021\/04\/AuxilliarStiefel-2-scaled.jpg\"><img loading=\"lazy\" decoding=\"async\" width=\"1024\" height=\"678\" data-id=\"1829\" src=\"https:\/\/www.roemische-legion.de\/wp-content\/uploads\/2021\/04\/AuxilliarStiefel-2-1024x678.jpg\" alt=\"\" class=\"wp-image-1829\" srcset=\"https:\/\/www.roemische-legion.de\/wp-content\/uploads\/2021\/04\/AuxilliarStiefel-2-1024x678.jpg 1024w, https:\/\/www.roemische-legion.de\/wp-content\/uploads\/2021\/04\/AuxilliarStiefel-2-300x198.jpg 300w, https:\/\/www.roemische-legion.de\/wp-content\/uploads\/2021\/04\/AuxilliarStiefel-2-768x508.jpg 768w, https:\/\/www.roemische-legion.de\/wp-content\/uploads\/2021\/04\/AuxilliarStiefel-2-1536x1016.jpg 1536w, https:\/\/www.roemische-legion.de\/wp-content\/uploads\/2021\/04\/AuxilliarStiefel-2-2048x1355.jpg 2048w, https:\/\/www.roemische-legion.de\/wp-content\/uploads\/2021\/04\/AuxilliarStiefel-2-16x12.jpg 16w, https:\/\/www.roemische-legion.de\/wp-content\/uploads\/2021\/04\/AuxilliarStiefel-2-1200x794.jpg 1200w\" sizes=\"auto, (max-width: 709px) 85vw, (max-width: 909px) 67vw, (max-width: 1362px) 62vw, 840px\" \/><\/a><figcaption class=\"wp-element-caption\">Auxilliarstiefel Foto (C) Klaus Peter Horack<\/figcaption><\/figure>\n\n\n\n<figure class=\"wp-block-image size-large\"><a href=\"https:\/\/www.roemische-legion.de\/wp-content\/uploads\/2021\/04\/RoemischeDamenschuhe.jpg\"><img loading=\"lazy\" decoding=\"async\" width=\"1024\" height=\"798\" data-id=\"1830\" src=\"https:\/\/www.roemische-legion.de\/wp-content\/uploads\/2021\/04\/RoemischeDamenschuhe-1024x798.jpg\" alt=\"\" class=\"wp-image-1830\" srcset=\"https:\/\/www.roemische-legion.de\/wp-content\/uploads\/2021\/04\/RoemischeDamenschuhe-1024x798.jpg 1024w, https:\/\/www.roemische-legion.de\/wp-content\/uploads\/2021\/04\/RoemischeDamenschuhe-300x234.jpg 300w, https:\/\/www.roemische-legion.de\/wp-content\/uploads\/2021\/04\/RoemischeDamenschuhe-768x598.jpg 768w, https:\/\/www.roemische-legion.de\/wp-content\/uploads\/2021\/04\/RoemischeDamenschuhe-1536x1196.jpg 1536w, https:\/\/www.roemische-legion.de\/wp-content\/uploads\/2021\/04\/RoemischeDamenschuhe-2048x1595.jpg 2048w, https:\/\/www.roemische-legion.de\/wp-content\/uploads\/2021\/04\/RoemischeDamenschuhe-16x12.jpg 16w, https:\/\/www.roemische-legion.de\/wp-content\/uploads\/2021\/04\/RoemischeDamenschuhe-1200x935.jpg 1200w\" sizes=\"auto, (max-width: 709px) 85vw, (max-width: 909px) 67vw, (max-width: 1362px) 62vw, 840px\" \/><\/a><figcaption class=\"wp-element-caption\">R\u00f6mische Damenschuhe Foto (C) Klaus Peter Horack<\/figcaption><\/figure>\n\n\n\n<figure class=\"wp-block-image size-large\"><a href=\"https:\/\/www.roemische-legion.de\/wp-content\/uploads\/2021\/04\/Stiefel-scaled.jpg\"><img loading=\"lazy\" decoding=\"async\" width=\"1024\" height=\"659\" data-id=\"1831\" src=\"https:\/\/www.roemische-legion.de\/wp-content\/uploads\/2021\/04\/Stiefel-1024x659.jpg\" alt=\"\" class=\"wp-image-1831\" srcset=\"https:\/\/www.roemische-legion.de\/wp-content\/uploads\/2021\/04\/Stiefel-1024x659.jpg 1024w, https:\/\/www.roemische-legion.de\/wp-content\/uploads\/2021\/04\/Stiefel-300x193.jpg 300w, https:\/\/www.roemische-legion.de\/wp-content\/uploads\/2021\/04\/Stiefel-768x494.jpg 768w, https:\/\/www.roemische-legion.de\/wp-content\/uploads\/2021\/04\/Stiefel-1536x989.jpg 1536w, https:\/\/www.roemische-legion.de\/wp-content\/uploads\/2021\/04\/Stiefel-2048x1318.jpg 2048w, https:\/\/www.roemische-legion.de\/wp-content\/uploads\/2021\/04\/Stiefel-16x10.jpg 16w, https:\/\/www.roemische-legion.de\/wp-content\/uploads\/2021\/04\/Stiefel-1200x773.jpg 1200w\" sizes=\"auto, (max-width: 709px) 85vw, (max-width: 909px) 67vw, (max-width: 1362px) 62vw, 840px\" \/><\/a><figcaption class=\"wp-element-caption\">Auxilliarstiefel Foto (C) Klaus Peter Horack<\/figcaption><\/figure>\n<\/figure>\n\n\n\n<h2 class=\"wp-block-heading\">Taschen<\/h2>\n\n\n\n<figure class=\"wp-block-gallery has-nested-images columns-default is-cropped wp-block-gallery-5 is-layout-flex wp-block-gallery-is-layout-flex\">\n<figure class=\"wp-block-image size-large\"><img loading=\"lazy\" decoding=\"async\" width=\"1024\" height=\"847\" data-id=\"1832\" src=\"https:\/\/www.roemische-legion.de\/wp-content\/uploads\/2021\/04\/Taschen-1024x847.jpg\" alt=\"\" class=\"wp-image-1832\" srcset=\"https:\/\/www.roemische-legion.de\/wp-content\/uploads\/2021\/04\/Taschen-1024x847.jpg 1024w, https:\/\/www.roemische-legion.de\/wp-content\/uploads\/2021\/04\/Taschen-300x248.jpg 300w, https:\/\/www.roemische-legion.de\/wp-content\/uploads\/2021\/04\/Taschen-768x636.jpg 768w, https:\/\/www.roemische-legion.de\/wp-content\/uploads\/2021\/04\/Taschen-1536x1271.jpg 1536w, https:\/\/www.roemische-legion.de\/wp-content\/uploads\/2021\/04\/Taschen-2048x1695.jpg 2048w, https:\/\/www.roemische-legion.de\/wp-content\/uploads\/2021\/04\/Taschen-14x12.jpg 14w, https:\/\/www.roemische-legion.de\/wp-content\/uploads\/2021\/04\/Taschen-1200x993.jpg 1200w\" sizes=\"auto, (max-width: 709px) 85vw, (max-width: 909px) 67vw, (max-width: 1362px) 62vw, 840px\" \/><figcaption class=\"wp-element-caption\"> Foto (C) Klaus Peter Horack<\/figcaption><\/figure>\n<\/figure>\n\n\n\n<h2 class=\"wp-block-heading\"><strong>Rangabzeichen Centurio und Optio der Kaiserzeit, sowie Hypothetisch Ducenarius und Optio Centurionis in der Sp\u00e4tantike <\/strong><\/h2>\n\n\n\n<figure class=\"wp-block-image size-large\"><img loading=\"lazy\" decoding=\"async\" width=\"418\" height=\"1024\" src=\"https:\/\/www.roemische-legion.de\/wp-content\/uploads\/2024\/07\/DSC_0014-418x1024.jpg\" alt=\"\" class=\"wp-image-3752\" srcset=\"https:\/\/www.roemische-legion.de\/wp-content\/uploads\/2024\/07\/DSC_0014-418x1024.jpg 418w, https:\/\/www.roemische-legion.de\/wp-content\/uploads\/2024\/07\/DSC_0014-122x300.jpg 122w, https:\/\/www.roemische-legion.de\/wp-content\/uploads\/2024\/07\/DSC_0014-768x1881.jpg 768w, https:\/\/www.roemische-legion.de\/wp-content\/uploads\/2024\/07\/DSC_0014-627x1536.jpg 627w, https:\/\/www.roemische-legion.de\/wp-content\/uploads\/2024\/07\/DSC_0014-836x2048.jpg 836w, https:\/\/www.roemische-legion.de\/wp-content\/uploads\/2024\/07\/DSC_0014-1200x2940.jpg 1200w, https:\/\/www.roemische-legion.de\/wp-content\/uploads\/2024\/07\/DSC_0014-scaled.jpg 1045w\" sizes=\"auto, (max-width: 418px) 85vw, 418px\" \/><figcaption class=\"wp-element-caption\">Von links: Rebstock (Vitis) Centurio (95 cm) und Optio-Stab, Sp\u00e4tantike hypothetisch Ducenarius-Stab und Optio Centurionis-Stab. Foto (C) Klaus Peter Horack<\/figcaption><\/figure>\n\n\n\n<p><\/p>",
        "protected": false
    },
    "excerpt": {
        "rendered": "<p>Falls nicht anders vermerkt alle Aufnahmen und Gegenst\u00e4nde Klaus P. Horack. Tuniken f\u00fcr M\u00e4nner Musik, M\u00fchle und Backen Milit\u00e4rg\u00fcrtel Zwiebelknopffibeln Verschiedene Typen. Eine Zwiebelknopffibel ist eine Gewandfibel der Sp\u00e4tantike. Im Vordergrund zwei Originale. Foto (c) Klaus Peter Horack R\u00f6mische Laterne und Spiegel (Spiegel H\u00f6he 25cm) Sp\u00e4tantiker Torques (Halsring) Milit\u00e4rische Auszeichnung der R\u00f6mer in der Sp\u00e4tantike. &hellip; <a href=\"https:\/\/www.roemische-legion.de\/en\/?page_id=570\" class=\"more-link\">Continue reading<span class=\"screen-reader-text\"> &#8222;LEGIO II ITALICA und LANCIARII LAURIACENSES &#8211; Bekleidung &#8211; M\u00e4nner\/Sonstiges\/Offizier Rangabzeichen&#8220;<\/span><\/a><\/p>",
        "protected": false
    },
    "author": 1,
    "featured_media": 0,
    "parent": 501,
    "menu_order": 40,
    "comment_status": "closed",
    "ping_status": "closed",
    "template": "",
    "meta": {
        "footnotes": ""
    },
    "class_list": [
        "post-570",
        "page",
        "type-page",
        "status-publish",
        "hentry"
    ],
    "_links": {
        "self": [
            {
                "href": "https:\/\/www.roemische-legion.de\/en\/index.php?rest_route=\/wp\/v2\/pages\/570",
                "targetHints": {
                    "allow": [
                        "GET"
                    ]
                }
            }
        ],
        "collection": [
            {
                "href": "https:\/\/www.roemische-legion.de\/en\/index.php?rest_route=\/wp\/v2\/pages"
            }
        ],
        "about": [
            {
                "href": "https:\/\/www.roemische-legion.de\/en\/index.php?rest_route=\/wp\/v2\/types\/page"
            }
        ],
        "author": [
            {
                "embeddable": true,
                "href": "https:\/\/www.roemische-legion.de\/en\/index.php?rest_route=\/wp\/v2\/users\/1"
            }
        ],
        "replies": [
            {
                "embeddable": true,
                "href": "https:\/\/www.roemische-legion.de\/en\/index.php?rest_route=%2Fwp%2Fv2%2Fcomments&post=570"
            }
        ],
        "version-history": [
            {
                "count": 89,
                "href": "https:\/\/www.roemische-legion.de\/en\/index.php?rest_route=\/wp\/v2\/pages\/570\/revisions"
            }
        ],
        "predecessor-version": [
            {
                "id": 4990,
                "href": "https:\/\/www.roemische-legion.de\/en\/index.php?rest_route=\/wp\/v2\/pages\/570\/revisions\/4990"
            }
        ],
        "up": [
            {
                "embeddable": true,
                "href": "https:\/\/www.roemische-legion.de\/en\/index.php?rest_route=\/wp\/v2\/pages\/501"
            }
        ],
        "wp:attachment": [
            {
                "href": "https:\/\/www.roemische-legion.de\/en\/index.php?rest_route=%2Fwp%2Fv2%2Fmedia&parent=570"
            }
        ],
        "curies": [
            {
                "name": "wp",
                "href": "https:\/\/api.w.org\/{rel}",
                "templated": true
            }
        ]
    }
}